{"id":6175,"date":"2026-05-03T00:23:45","date_gmt":"2026-05-03T00:23:45","guid":{"rendered":"http:\/\/www.cejv.com.br\/site\/?p=6175"},"modified":"2026-05-03T00:23:46","modified_gmt":"2026-05-03T00:23:46","slug":"mensagem-do-sr-exu-do-cheiro-em-sessao-de-exus-no-dia-28-de-marco-de-2026","status":"publish","type":"post","link":"http:\/\/www.cejv.com.br\/site\/index.php\/mensagem-do-sr-exu-do-cheiro-em-sessao-de-exus-no-dia-28-de-marco-de-2026\/","title":{"rendered":"Mensagem do Sr Exu do Cheiro em sess\u00e3o de Exus no dia 28 de mar\u00e7o de 2026."},"content":{"rendered":"\n<p>Como estou hoje? (Sr Altair segue dona Madalena perguntando a todos.)<\/p>\n\n\n\n<p>Assim \u00e9.<\/p>\n\n\n\n<p>Nosso conselho hoje \u00e9 que precisamos imitar mais os perfumes, os bons perfumes. Bom perfume n\u00e3o \u00e9 aquele que anuncia a nossa chegada, mas aquele que deixa nossa lembran\u00e7a. Assim devemos ser (nosso conselho).<\/p>\n\n\n\n<p>Hoje perguntamos: &#8220;Como estou hoje?&#8221;; para aprendermos como estamos impressionando o mundo. Muitas vezes pensamos que estamos sendo o m\u00e1ximo, o que \u00e9 fruto da nossa vaidade, quando muitas vezes, n\u00e3o estamos agradando ou n\u00e3o estamos comunicando. Essa deve ser a preocupa\u00e7\u00e3o do ser humano. Inv\u00e9s se ser o an\u00fancio, a pessoa que imp\u00f5e a sua presen\u00e7a, como os perfumes fortes, que at\u00e9 dores de cabe\u00e7a e enjoo causam, mas leves, a leve presen\u00e7a que deixa a sua marca, aquela que faz com que a mem\u00f3ria funcione e acione mecanismos que nos fa\u00e7am buscar dentro de n\u00f3s, o melhor que h\u00e1 em n\u00f3s.<\/p>\n\n\n\n<p>Alfazema nos liga com a Divindade, o alecrim nos faz buscar a higieniza\u00e7\u00e3o e assim cada aroma tem a sua fun\u00e7\u00e3o. Saibamos n\u00f3s tamb\u00e9m buscar falarmos linguagens que sejam entend\u00edveis por todos e esperar que sejamos entendidos. E v\u00e1rias s\u00e3o as emo\u00e7\u00f5es que cada um suscita no outro, observa\u00e7\u00e3o, o estar engalanado, o estar observador, somos todos multifacetados, somos um caleidosc\u00f3pio de coisas, somos v\u00e1rios a todo momento. Saibamos usar nossas v\u00e1rias faces, mas sempre na base de todas elas seja o combust\u00edvel da humildade, do amor, da sinceridade.<\/p>\n\n\n\n<p>Que ao sermos julgados, sejamos julgados pelo que somos, se formos aceitos, sejamos aceitos pelo que somos. Se formos rejeitados, sermos rejeitados pelo que somos. Tudo que vem at\u00e9 n\u00f3s do outro, seja por aquilo que somos e n\u00e3o; por aquilo que mascaram o ser e da\u00ed a necessidade de sermos sempre verdadeiros, presentes em todos os momentos da vida. A base da sinceridade, a base da lealdade, a base do amor em estar presente em um relacionamento sejamos n\u00f3s.<\/p>\n\n\n\n<p>\u00c9 comum ao nos aproximarmos de algu\u00e9m, seja por que intuito for, mostrarmos o melhor que temos, que somos ou que pensamos que temos e isso \u00e9 natural, \u00e9 saud\u00e1vel, mas o amigo tempo se encarrega de desfazer as m\u00e1scaras. N\u00f3s n\u00e3o somos o rosto que carregamos, nosso rosto \u00e9 fruto da gen\u00e9tica, mas o nosso olhar, ele transparece quem somos, por isso que ningu\u00e9m engana todos por muito tempo. Ent\u00e3o sejamos sempre verdadeiros, porque o perfume que exalamos de nossa ess\u00eancia sempre se far\u00e1 presente mais cedo ou mais tarde ou muito mais tarde, mas sempre chegar\u00e1.<\/p>\n\n\n\n<p>Ent\u00e3o que a verdade seja a nossa guia, nossa mestra. \u00c9 por isso que hoje estamos aqui, engalanados, observadores, n\u00e3o com intuito de julgar, mas estamos juntos na busca do crescimento conjunto e continuo. Ent\u00e3o saibamos ap\u00f3s toda essa explana\u00e7\u00e3o do nosso presente, vestirmos essas palavras e n\u00e3o deixarmos que as insatisfa\u00e7\u00f5es corroam a nossa exist\u00eancia. Precisamos entender de onde vem a nossa insatisfa\u00e7\u00e3o e quando entendemos que muitos dos nossos sentimentos para com o outro s\u00e3o provenientes de n\u00f3s mesmos, come\u00e7amos a julgar menos o outro e a faz\u00ea-lo, entend\u00ea-lo e v\u00ea-lo como nosso degrau, como nosso espelho.<\/p>\n\n\n\n<p>Quando se diz que o ser humano \u00e9 o degrau do outro ser humano para sua evolu\u00e7\u00e3o, \u00e9 por isso, porque ao julgarmos algu\u00e9m estamos vendo nele aquilo que nos incomoda, sempre haver\u00e1 essa base. Quando dizemos que algu\u00e9m est\u00e1 bonito, algo de n\u00f3s encontrou eco naquela beleza, quando dizemos que algu\u00e9m \u00e9 vaidoso, algo em n\u00f3s encontrou eco naquela vaidade, quando dizemos que algu\u00e9m nos incomoda, algo em n\u00f3s est\u00e1 encontrando eco naquele inc\u00f4modo e isto \u00e9 bom para que trazendo este reflexo possamos tratar em n\u00f3s tudo isso que nos incomoda. E a\u00ed a caridade passa a ser feita com mais dedica\u00e7\u00e3o, n\u00e3o apenas como uma obriga\u00e7\u00e3o ou uma necessidade de vermos que somos caridosos: &#8220;oh como aquela pessoa trabalha!&#8221;, &#8220;oh como aquela pessoa \u00e9 boa!&#8221;. N\u00e3o; e passamos a ser bons porque realmente somos bons e passamos a ver no outro tamb\u00e9m as qualidades que em n\u00f3s encontram eco e conseguirmos ir saneando a nossa exist\u00eancia e julgaremos menos e nos incomodaremos menos e auxiliaremos mais. Porque sim, o outro pode ser vaidoso, mas \u00e9 um problema dele, o inc\u00f4modo que ele me causa \u00e9 somente algo que est\u00e1 encontrando eco dentro de mim e quando eu me ajeito, eu me melhoro e deixemos que o outro cuide das suas pr\u00f3prias feridas.<\/p>\n\n\n\n<p>Auxiliar atrav\u00e9s do exemplo, esse \u00e9 o papel de todos n\u00f3s para n\u00e3o sermos aqueles que resgatam: &#8220;como trabalhamos, como estamos cansados&#8221;. O cansa\u00e7o chegar\u00e1 mais tarde, quando cuidarmos mais de nossos pr\u00f3prios defeitos. Essa \u00e9 uma das alavancas do servi\u00e7o medi\u00fanico. Existe a ilus\u00e3o do m\u00e9dium ser um mission\u00e1rio; ele \u00e9 um instrumento, ele n\u00e3o \u00e9 um super m\u00e9dium, ele n\u00e3o \u00e9 o salvador.<\/p>\n\n\n\n<p>Diminuindo um pouco a vaidade j\u00e1 faremos muito, auxiliaremos, embelezaremos mais a nossa estrada. P\u00e9s no ch\u00e3o, cabe\u00e7a em Deus, cora\u00e7\u00e3o no servi\u00e7o.<\/p>\n\n\n\n<p>Ax\u00e9.<\/p>\n","protected":false},"excerpt":{"rendered":"<p>Saibamos usar nossas v\u00e1rias faces, mas sempre na base de todas elas seja o combust\u00edvel da humildade, do amor, da sinceridade.<\/p>\n","protected":false},"author":3,"featured_media":5647,"comment_status":"open","ping_status":"open","sticky":false,"template":"","format":"standard","meta":[],"categories":[2],"tags":[128,119,86,85,81,111,102],"_links":{"self":[{"href":"http:\/\/www.cejv.com.br\/site\/index.php\/wp-json\/wp\/v2\/posts\/6175"}],"collection":[{"href":"http:\/\/www.cejv.com.br\/site\/index.php\/wp-json\/wp\/v2\/posts"}],"about":[{"href":"http:\/\/www.cejv.com.br\/site\/index.php\/wp-json\/wp\/v2\/types\/post"}],"author":[{"embeddable":true,"href":"http:\/\/www.cejv.com.br\/site\/index.php\/wp-json\/wp\/v2\/users\/3"}],"replies":[{"embeddable":true,"href":"http:\/\/www.cejv.com.br\/site\/index.php\/wp-json\/wp\/v2\/comments?post=6175"}],"version-history":[{"count":1,"href":"http:\/\/www.cejv.com.br\/site\/index.php\/wp-json\/wp\/v2\/posts\/6175\/revisions"}],"predecessor-version":[{"id":6176,"href":"http:\/\/www.cejv.com.br\/site\/index.php\/wp-json\/wp\/v2\/posts\/6175\/revisions\/6176"}],"wp:featuredmedia":[{"embeddable":true,"href":"http:\/\/www.cejv.com.br\/site\/index.php\/wp-json\/wp\/v2\/media\/5647"}],"wp:attachment":[{"href":"http:\/\/www.cejv.com.br\/site\/index.php\/wp-json\/wp\/v2\/media?parent=6175"}],"wp:term":[{"taxonomy":"category","embeddable":true,"href":"http:\/\/www.cejv.com.br\/site\/index.php\/wp-json\/wp\/v2\/categories?post=6175"},{"taxonomy":"post_tag","embeddable":true,"href":"http:\/\/www.cejv.com.br\/site\/index.php\/wp-json\/wp\/v2\/tags?post=6175"}],"curies":[{"name":"wp","href":"https:\/\/api.w.org\/{rel}","templated":true}]}}